{"id":8380,"date":"2025-01-13T08:15:51","date_gmt":"2025-01-13T09:15:51","guid":{"rendered":"https:\/\/www.ifh.cv\/?p=8380"},"modified":"2025-01-14T08:17:38","modified_gmt":"2025-01-14T09:17:38","slug":"dia-da-liberdade-e-democracia","status":"publish","type":"post","link":"https:\/\/www.ifh.cv\/?p=8380","title":{"rendered":"Dia da Liberdade e Democracia"},"content":{"rendered":"\t\t<div data-elementor-type=\"wp-post\" data-elementor-id=\"8380\" class=\"elementor elementor-8380\">\n\t\t\t\t\t\t<section class=\"elementor-section elementor-top-section elementor-element elementor-element-17a0bf7a elementor-section-boxed elementor-section-height-default elementor-section-height-default\" data-id=\"17a0bf7a\" data-element_type=\"section\" data-settings=\"{&quot;jet_parallax_layout_list&quot;:[]}\">\n\t\t\t\t\t\t<div class=\"elementor-container elementor-column-gap-default\">\n\t\t\t\t\t<div class=\"elementor-column elementor-col-100 elementor-top-column elementor-element elementor-element-41c0fd1b\" data-id=\"41c0fd1b\" data-element_type=\"column\">\n\t\t\t<div class=\"elementor-widget-wrap elementor-element-populated\">\n\t\t\t\t\t\t<div class=\"elementor-element elementor-element-7dfab94c elementor-widget elementor-widget-text-editor\" data-id=\"7dfab94c\" data-element_type=\"widget\" data-widget_type=\"text-editor.default\">\n\t\t\t\t<div class=\"elementor-widget-container\">\n\t\t\t\t\t\t\t<!-- wp:paragraph -->\n<p>13 de janeiro de 1991 foi um marco hist\u00f3rico em Cabo Verde, nessa data foram realizadas as primeiras elei\u00e7\u00f5es livres e democr\u00e1ticas, no quadro de um sistema pluripartid\u00e1rio.<\/p>\n<!-- \/wp:paragraph -->\n\n<!-- wp:paragraph -->\n<p>Consagrado por Lei da Assembleia Nacional, celebra-se nesta data o Dia da Liberdade e da Democracia.<\/p>\n<!-- \/wp:paragraph -->\n\n<!-- wp:paragraph -->\n<p>Toda honra ao povo caboverdiano pela sua coragem e determina\u00e7\u00e3o na conquista dos seus direitos.<\/p>\n<!-- \/wp:paragraph -->\n\n<!-- wp:paragraph -->\n<p><\/p>\n<!-- \/wp:paragraph -->\t\t\t\t\t\t<\/div>\n\t\t\t\t<\/div>\n\t\t\t\t\t<\/div>\n\t\t<\/div>\n\t\t\t\t\t<\/div>\n\t\t<\/section>\n\t\t\t\t<section class=\"elementor-section elementor-top-section elementor-element elementor-element-5b67daa elementor-section-boxed elementor-section-height-default elementor-section-height-default\" data-id=\"5b67daa\" data-element_type=\"section\" data-settings=\"{&quot;jet_parallax_layout_list&quot;:[]}\">\n\t\t\t\t\t\t<div class=\"elementor-container elementor-column-gap-default\">\n\t\t\t\t\t<div class=\"elementor-column elementor-col-100 elementor-top-column elementor-element elementor-element-f767110\" data-id=\"f767110\" data-element_type=\"column\">\n\t\t\t<div class=\"elementor-widget-wrap elementor-element-populated\">\n\t\t\t\t\t\t<div class=\"elementor-element elementor-element-4e2bb43 elementor-widget elementor-widget-image\" data-id=\"4e2bb43\" data-element_type=\"widget\" data-widget_type=\"image.default\">\n\t\t\t\t<div class=\"elementor-widget-container\">\n\t\t\t\t\t\t\t\t\t\t\t\t\t<img fetchpriority=\"high\" decoding=\"async\" width=\"768\" height=\"768\" src=\"https:\/\/www.ifh.cv\/wp-content\/uploads\/2025\/01\/13-Jan-768x768.jpg\" class=\"attachment-medium_large size-medium_large wp-image-8381\" alt=\"\" srcset=\"https:\/\/www.ifh.cv\/wp-content\/uploads\/2025\/01\/13-Jan-768x768.jpg 768w, https:\/\/www.ifh.cv\/wp-content\/uploads\/2025\/01\/13-Jan-300x300.jpg 300w, https:\/\/www.ifh.cv\/wp-content\/uploads\/2025\/01\/13-Jan-1024x1024.jpg 1024w, https:\/\/www.ifh.cv\/wp-content\/uploads\/2025\/01\/13-Jan-150x150.jpg 150w, https:\/\/www.ifh.cv\/wp-content\/uploads\/2025\/01\/13-Jan.jpg 1200w\" sizes=\"(max-width: 768px) 100vw, 768px\" \/>\t\t\t\t\t\t\t\t\t\t\t\t\t<\/div>\n\t\t\t\t<\/div>\n\t\t\t\t\t<\/div>\n\t\t<\/div>\n\t\t\t\t\t<\/div>\n\t\t<\/section>\n\t\t\t\t<\/div>\n\t\t","protected":false},"excerpt":{"rendered":"<p>13 de janeiro de 1991 foi um marco hist\u00f3rico em Cabo Verde, nessa data foram realizadas as primeiras elei\u00e7\u00f5es livres e democr\u00e1ticas, no quadro de um sistema pluripartid\u00e1rio. Consagrado por Lei da Assembleia Nacional, celebra-se nesta data o Dia da Liberdade e da Democracia. Toda honra ao povo caboverdiano pela sua coragem e determina\u00e7\u00e3o na [&hellip;]<\/p>\n","protected":false},"author":2,"featured_media":8381,"comment_status":"open","ping_status":"open","sticky":false,"template":"","format":"standard","meta":{"content-type":"","_exactmetrics_skip_tracking":false,"_exactmetrics_sitenote_active":false,"_exactmetrics_sitenote_note":"","_exactmetrics_sitenote_category":0,"site-sidebar-layout":"default","site-content-layout":"","ast-site-content-layout":"default","site-content-style":"default","site-sidebar-style":"default","ast-global-header-display":"","ast-banner-title-visibility":"","ast-main-header-display":"","ast-hfb-above-header-display":"","ast-hfb-below-header-display":"","ast-hfb-mobile-header-display":"","site-post-title":"","ast-breadcrumbs-content":"","ast-featured-img":"","footer-sml-layout":"","ast-disable-related-posts":"","theme-transparent-header-meta":"","adv-header-id-meta":"","stick-header-meta":"","header-above-stick-meta":"","header-main-stick-meta":"","header-below-stick-meta":"","astra-migrate-meta-layouts":"set","ast-page-background-enabled":"default","ast-page-background-meta":{"desktop":{"background-color":"","background-image":"","background-repeat":"repeat","background-position":"center center","background-size":"auto","background-attachment":"scroll","background-type":"","background-media":"","overlay-type":"","overlay-color":"","overlay-opacity":"","overlay-gradient":""},"tablet":{"background-color":"","background-image":"","background-repeat":"repeat","background-position":"center center","background-size":"auto","background-attachment":"scroll","background-type":"","background-media":"","overlay-type":"","overlay-color":"","overlay-opacity":"","overlay-gradient":""},"mobile":{"background-color":"","background-image":"","background-repeat":"repeat","background-position":"center center","background-size":"auto","background-attachment":"scroll","background-type":"","background-media":"","overlay-type":"","overlay-color":"","overlay-opacity":"","overlay-gradient":""}},"ast-content-background-meta":{"desktop":{"background-color":"var(--ast-global-color-5)","background-image":"","background-repeat":"repeat","background-position":"center center","background-size":"auto","background-attachment":"scroll","background-type":"","background-media":"","overlay-type":"","overlay-color":"","overlay-opacity":"","overlay-gradient":""},"tablet":{"background-color":"var(--ast-global-color-5)","background-image":"","background-repeat":"repeat","background-position":"center center","background-size":"auto","background-attachment":"scroll","background-type":"","background-media":"","overlay-type":"","overlay-color":"","overlay-opacity":"","overlay-gradient":""},"mobile":{"background-color":"var(--ast-global-color-5)","background-image":"","background-repeat":"repeat","background-position":"center center","background-size":"auto","background-attachment":"scroll","background-type":"","background-media":"","overlay-type":"","overlay-color":"","overlay-opacity":"","overlay-gradient":""}},"footnotes":""},"categories":[88],"tags":[],"_links":{"self":[{"href":"https:\/\/www.ifh.cv\/index.php?rest_route=\/wp\/v2\/posts\/8380"}],"collection":[{"href":"https:\/\/www.ifh.cv\/index.php?rest_route=\/wp\/v2\/posts"}],"about":[{"href":"https:\/\/www.ifh.cv\/index.php?rest_route=\/wp\/v2\/types\/post"}],"author":[{"embeddable":true,"href":"https:\/\/www.ifh.cv\/index.php?rest_route=\/wp\/v2\/users\/2"}],"replies":[{"embeddable":true,"href":"https:\/\/www.ifh.cv\/index.php?rest_route=%2Fwp%2Fv2%2Fcomments&post=8380"}],"version-history":[{"count":4,"href":"https:\/\/www.ifh.cv\/index.php?rest_route=\/wp\/v2\/posts\/8380\/revisions"}],"predecessor-version":[{"id":8385,"href":"https:\/\/www.ifh.cv\/index.php?rest_route=\/wp\/v2\/posts\/8380\/revisions\/8385"}],"wp:featuredmedia":[{"embeddable":true,"href":"https:\/\/www.ifh.cv\/index.php?rest_route=\/wp\/v2\/media\/8381"}],"wp:attachment":[{"href":"https:\/\/www.ifh.cv\/index.php?rest_route=%2Fwp%2Fv2%2Fmedia&parent=8380"}],"wp:term":[{"taxonomy":"category","embeddable":true,"href":"https:\/\/www.ifh.cv\/index.php?rest_route=%2Fwp%2Fv2%2Fcategories&post=8380"},{"taxonomy":"post_tag","embeddable":true,"href":"https:\/\/www.ifh.cv\/index.php?rest_route=%2Fwp%2Fv2%2Ftags&post=8380"}],"curies":[{"name":"wp","href":"https:\/\/api.w.org\/{rel}","templated":true}]}}