{"id":7204,"date":"2024-02-04T11:46:55","date_gmt":"2024-02-04T12:46:55","guid":{"rendered":"https:\/\/www.ifh.cv\/?p=7204"},"modified":"2024-02-06T11:50:18","modified_gmt":"2024-02-06T12:50:18","slug":"dia-mundial-de-combate-ao-cancer","status":"publish","type":"post","link":"https:\/\/www.ifh.cv\/?p=7204","title":{"rendered":"Dia Mundial de Combate ao C\u00e2ncer"},"content":{"rendered":"\t\t<div data-elementor-type=\"wp-post\" data-elementor-id=\"7204\" class=\"elementor elementor-7204\">\n\t\t\t\t\t\t<section class=\"elementor-section elementor-top-section elementor-element elementor-element-249079ce elementor-section-boxed elementor-section-height-default elementor-section-height-default\" data-id=\"249079ce\" data-element_type=\"section\" data-settings=\"{&quot;jet_parallax_layout_list&quot;:[]}\">\n\t\t\t\t\t\t<div class=\"elementor-container elementor-column-gap-default\">\n\t\t\t\t\t<div class=\"elementor-column elementor-col-100 elementor-top-column elementor-element elementor-element-32036c0d\" data-id=\"32036c0d\" data-element_type=\"column\">\n\t\t\t<div class=\"elementor-widget-wrap elementor-element-populated\">\n\t\t\t\t\t\t<div class=\"elementor-element elementor-element-97c459c elementor-widget elementor-widget-text-editor\" data-id=\"97c459c\" data-element_type=\"widget\" data-widget_type=\"text-editor.default\">\n\t\t\t\t<div class=\"elementor-widget-container\">\n\t\t\t\t\t\t\t<!-- wp:paragraph -->\n<p>A 4 de Fevereiro, assinala-se o Dia Mundial de Combate ao C\u00e2ncer, criado pela Organiza\u00e7\u00e3o Mundial da Sa\u00fade \u2013 OMS, para que organiza\u00e7\u00f5es ao redor do planeta se re\u00fanam para ajudar na preven\u00e7\u00e3o e dar for\u00e7a aos pacientes que lutam contra o cancro.<\/p>\n<!-- \/wp:paragraph --><!-- wp:paragraph -->\n<p>Este dia \u00e9 um lembrete de que a dete\u00e7\u00e3o precoce e diagn\u00f3stico oportuno fazem a diferen\u00e7a no tratamento desta doen\u00e7a que afeta pessoas de diferentes faixas et\u00e1rias.<\/p>\n<!-- \/wp:paragraph --><!-- wp:paragraph -->\n<p>Confira algumas dicas:<\/p>\n<!-- \/wp:paragraph --><!-- wp:paragraph -->\n<ul>\n<li>Adote um estilo de vida saud\u00e1vel<\/li>\n<li>Mantenha-se hidratado<\/li>\n<li>Invista numa alimenta\u00e7\u00e3o equilibrada<\/li>\n<li>Evite fumar e diminua o consumo de bebidas alco\u00f3licas<\/li>\n<li><!-- \/wp:paragraph --><!-- wp:paragraph -->Pratique exerc\u00edcios f\u00edsicos<\/li>\n<li>Fa\u00e7a consultas peri\u00f3dicas com o seu m\u00e9dico<\/li>\n<li>Evite exposi\u00e7\u00e3o excessiva ao sol<\/li>\n<li>Procure estar bem informado quanto a esta doen\u00e7a<\/li>\n<\/ul>\n<!-- \/wp:paragraph -->\t\t\t\t\t\t<\/div>\n\t\t\t\t<\/div>\n\t\t\t\t\t<\/div>\n\t\t<\/div>\n\t\t\t\t\t<\/div>\n\t\t<\/section>\n\t\t\t\t<section class=\"elementor-section elementor-top-section elementor-element elementor-element-30b6ae7 elementor-section-boxed elementor-section-height-default elementor-section-height-default\" data-id=\"30b6ae7\" data-element_type=\"section\" data-settings=\"{&quot;jet_parallax_layout_list&quot;:[]}\">\n\t\t\t\t\t\t<div class=\"elementor-container elementor-column-gap-default\">\n\t\t\t\t\t<div class=\"elementor-column elementor-col-100 elementor-top-column elementor-element elementor-element-418a317\" data-id=\"418a317\" data-element_type=\"column\">\n\t\t\t<div class=\"elementor-widget-wrap elementor-element-populated\">\n\t\t\t\t\t\t<div class=\"elementor-element elementor-element-7f5df04 elementor-widget elementor-widget-image\" data-id=\"7f5df04\" data-element_type=\"widget\" data-widget_type=\"image.default\">\n\t\t\t\t<div class=\"elementor-widget-container\">\n\t\t\t\t\t\t\t\t\t\t\t\t\t<img fetchpriority=\"high\" decoding=\"async\" width=\"768\" height=\"768\" src=\"https:\/\/www.ifh.cv\/wp-content\/uploads\/2024\/02\/Post-768x768.png\" class=\"attachment-medium_large size-medium_large wp-image-7205\" alt=\"\" srcset=\"https:\/\/www.ifh.cv\/wp-content\/uploads\/2024\/02\/Post-768x768.png 768w, https:\/\/www.ifh.cv\/wp-content\/uploads\/2024\/02\/Post-300x300.png 300w, https:\/\/www.ifh.cv\/wp-content\/uploads\/2024\/02\/Post-1024x1024.png 1024w, https:\/\/www.ifh.cv\/wp-content\/uploads\/2024\/02\/Post-150x150.png 150w, https:\/\/www.ifh.cv\/wp-content\/uploads\/2024\/02\/Post.png 1080w\" sizes=\"(max-width: 768px) 100vw, 768px\" \/>\t\t\t\t\t\t\t\t\t\t\t\t\t<\/div>\n\t\t\t\t<\/div>\n\t\t\t\t\t<\/div>\n\t\t<\/div>\n\t\t\t\t\t<\/div>\n\t\t<\/section>\n\t\t\t\t<\/div>\n\t\t","protected":false},"excerpt":{"rendered":"<p>A 4 de Fevereiro, assinala-se o Dia Mundial de Combate ao C\u00e2ncer, criado pela Organiza\u00e7\u00e3o Mundial da Sa\u00fade \u2013 OMS, para que organiza\u00e7\u00f5es ao redor do planeta se re\u00fanam para ajudar na preven\u00e7\u00e3o e dar for\u00e7a aos pacientes que lutam contra o cancro. Este dia \u00e9 um lembrete de que a dete\u00e7\u00e3o precoce e diagn\u00f3stico [&hellip;]<\/p>\n","protected":false},"author":2,"featured_media":7205,"comment_status":"open","ping_status":"open","sticky":false,"template":"","format":"standard","meta":{"content-type":"","_exactmetrics_skip_tracking":false,"_exactmetrics_sitenote_active":false,"_exactmetrics_sitenote_note":"","_exactmetrics_sitenote_category":0,"site-sidebar-layout":"default","site-content-layout":"","ast-site-content-layout":"default","site-content-style":"default","site-sidebar-style":"default","ast-global-header-display":"","ast-banner-title-visibility":"","ast-main-header-display":"","ast-hfb-above-header-display":"","ast-hfb-below-header-display":"","ast-hfb-mobile-header-display":"","site-post-title":"","ast-breadcrumbs-content":"","ast-featured-img":"","footer-sml-layout":"","ast-disable-related-posts":"","theme-transparent-header-meta":"","adv-header-id-meta":"","stick-header-meta":"","header-above-stick-meta":"","header-main-stick-meta":"","header-below-stick-meta":"","astra-migrate-meta-layouts":"set","ast-page-background-enabled":"default","ast-page-background-meta":{"desktop":{"background-color":"","background-image":"","background-repeat":"repeat","background-position":"center center","background-size":"auto","background-attachment":"scroll","background-type":"","background-media":"","overlay-type":"","overlay-color":"","overlay-opacity":"","overlay-gradient":""},"tablet":{"background-color":"","background-image":"","background-repeat":"repeat","background-position":"center center","background-size":"auto","background-attachment":"scroll","background-type":"","background-media":"","overlay-type":"","overlay-color":"","overlay-opacity":"","overlay-gradient":""},"mobile":{"background-color":"","background-image":"","background-repeat":"repeat","background-position":"center center","background-size":"auto","background-attachment":"scroll","background-type":"","background-media":"","overlay-type":"","overlay-color":"","overlay-opacity":"","overlay-gradient":""}},"ast-content-background-meta":{"desktop":{"background-color":"var(--ast-global-color-5)","background-image":"","background-repeat":"repeat","background-position":"center center","background-size":"auto","background-attachment":"scroll","background-type":"","background-media":"","overlay-type":"","overlay-color":"","overlay-opacity":"","overlay-gradient":""},"tablet":{"background-color":"var(--ast-global-color-5)","background-image":"","background-repeat":"repeat","background-position":"center center","background-size":"auto","background-attachment":"scroll","background-type":"","background-media":"","overlay-type":"","overlay-color":"","overlay-opacity":"","overlay-gradient":""},"mobile":{"background-color":"var(--ast-global-color-5)","background-image":"","background-repeat":"repeat","background-position":"center center","background-size":"auto","background-attachment":"scroll","background-type":"","background-media":"","overlay-type":"","overlay-color":"","overlay-opacity":"","overlay-gradient":""}},"footnotes":""},"categories":[88],"tags":[],"_links":{"self":[{"href":"https:\/\/www.ifh.cv\/index.php?rest_route=\/wp\/v2\/posts\/7204"}],"collection":[{"href":"https:\/\/www.ifh.cv\/index.php?rest_route=\/wp\/v2\/posts"}],"about":[{"href":"https:\/\/www.ifh.cv\/index.php?rest_route=\/wp\/v2\/types\/post"}],"author":[{"embeddable":true,"href":"https:\/\/www.ifh.cv\/index.php?rest_route=\/wp\/v2\/users\/2"}],"replies":[{"embeddable":true,"href":"https:\/\/www.ifh.cv\/index.php?rest_route=%2Fwp%2Fv2%2Fcomments&post=7204"}],"version-history":[{"count":7,"href":"https:\/\/www.ifh.cv\/index.php?rest_route=\/wp\/v2\/posts\/7204\/revisions"}],"predecessor-version":[{"id":7212,"href":"https:\/\/www.ifh.cv\/index.php?rest_route=\/wp\/v2\/posts\/7204\/revisions\/7212"}],"wp:featuredmedia":[{"embeddable":true,"href":"https:\/\/www.ifh.cv\/index.php?rest_route=\/wp\/v2\/media\/7205"}],"wp:attachment":[{"href":"https:\/\/www.ifh.cv\/index.php?rest_route=%2Fwp%2Fv2%2Fmedia&parent=7204"}],"wp:term":[{"taxonomy":"category","embeddable":true,"href":"https:\/\/www.ifh.cv\/index.php?rest_route=%2Fwp%2Fv2%2Fcategories&post=7204"},{"taxonomy":"post_tag","embeddable":true,"href":"https:\/\/www.ifh.cv\/index.php?rest_route=%2Fwp%2Fv2%2Ftags&post=7204"}],"curies":[{"name":"wp","href":"https:\/\/api.w.org\/{rel}","templated":true}]}}