{"id":5537,"date":"2022-05-19T12:21:00","date_gmt":"2022-05-19T13:21:00","guid":{"rendered":"https:\/\/www.ifh.cv\/?p=5537"},"modified":"2022-05-31T12:27:41","modified_gmt":"2022-05-31T13:27:41","slug":"parabens-ao-municipio-da-praia","status":"publish","type":"post","link":"https:\/\/www.ifh.cv\/?p=5537","title":{"rendered":"Parab\u00e9ns ao Munic\u00edpio da Praia"},"content":{"rendered":"\t\t<div data-elementor-type=\"wp-post\" data-elementor-id=\"5537\" class=\"elementor elementor-5537\">\n\t\t\t\t\t\t<section class=\"elementor-section elementor-top-section elementor-element elementor-element-6519f91a elementor-section-boxed elementor-section-height-default elementor-section-height-default\" data-id=\"6519f91a\" data-element_type=\"section\" data-settings=\"{&quot;jet_parallax_layout_list&quot;:[]}\">\n\t\t\t\t\t\t<div class=\"elementor-container elementor-column-gap-default\">\n\t\t\t\t\t<div class=\"elementor-column elementor-col-100 elementor-top-column elementor-element elementor-element-264bffb0\" data-id=\"264bffb0\" data-element_type=\"column\">\n\t\t\t<div class=\"elementor-widget-wrap elementor-element-populated\">\n\t\t\t\t\t\t<div class=\"elementor-element elementor-element-27126063 elementor-widget elementor-widget-text-editor\" data-id=\"27126063\" data-element_type=\"widget\" data-widget_type=\"text-editor.default\">\n\t\t\t\t<div class=\"elementor-widget-container\">\n\t\t\t\t\t\t\t<!-- wp:paragraph -->\n<p>O Munic\u00edpio da Praia celebra, hoje, os seus 164 anos e h\u00e1 quase 40 que a IFH vem participando ativamente no desenvolvimento deste Munic\u00edpio. Os marcos s\u00e3o vis\u00edveis e plenos de conviv\u00eancia. S\u00e3o mais de 25 conjuntos habitacionais constru\u00eddos e mais de 60 hectares de terreno infraestruturados, criando novas \u00e1reas de expans\u00e3o urbana.<\/p>\n<!-- \/wp:paragraph -->\n\n<!-- wp:paragraph -->\n<p>A IFH construiu equipamentos coletivos; brindou a cidade da Praia com \u00e1reas p\u00fablicas de lazer, promovendo rela\u00e7\u00f5es e refor\u00e7ando valores humanos; dinamizou o com\u00e9rcio e os servi\u00e7os com \u00e1reas comerciais de qualidade; definiu perfis urbanos de refer\u00eancia e criou centralidade em todas as suas interven\u00e7\u00f5es de constru\u00e7\u00e3o urbana; rompeu o conceito de bairros dormit\u00f3rios e promoveu boa vizinhan\u00e7a nos condom\u00ednios.<\/p>\n<!-- \/wp:paragraph -->\n\n<!-- wp:paragraph -->\n<p>A IFH refor\u00e7a diariamente o seu compromisso com o habitat no Munic\u00edpio da Praia e em Cabo Verde, por forma a garantir melhores oportunidades de acesso \u00e0 habita\u00e7\u00e3o e contribuindo cada vez mais com o crescimento planeado e organizado.<\/p>\n<!-- \/wp:paragraph -->\n\n<!-- wp:paragraph -->\n<p>Habita\u00e7\u00e3o condigna e acess\u00edvel, impacta a felicidade das fam\u00edlias e essas contribuem para o desenvolvimento do seu Munic\u00edpio.<\/p>\n<!-- \/wp:paragraph -->\n\n<!-- wp:paragraph -->\n<p><img decoding=\"async\" height=\"16\" width=\"16\" alt=\"\ud83d\udcf7\" src=\"https:\/\/static.xx.fbcdn.net\/images\/emoji.php\/v9\/t5d\/1\/16\/1f4f7.png\">: David Gomes Photography<\/p>\n<!-- \/wp:paragraph -->\n\n<!-- wp:paragraph -->\n<p><a href=\"https:\/\/www.facebook.com\/hashtag\/ifhcv?__eep__=6&amp;__tn__=*NK*F\">#ifhcv<\/a><a href=\"https:\/\/www.facebook.com\/hashtag\/caboverde?__eep__=6&amp;__tn__=*NK*F\">#caboverde<\/a><a href=\"https:\/\/www.facebook.com\/hashtag\/realestate?__eep__=6&amp;__tn__=*NK*F\">#realestate<\/a><\/p>\n<!-- \/wp:paragraph -->\t\t\t\t\t\t<\/div>\n\t\t\t\t<\/div>\n\t\t\t\t\t<\/div>\n\t\t<\/div>\n\t\t\t\t\t<\/div>\n\t\t<\/section>\n\t\t\t\t<section class=\"elementor-section elementor-top-section elementor-element elementor-element-a171b03 elementor-section-boxed elementor-section-height-default elementor-section-height-default\" data-id=\"a171b03\" data-element_type=\"section\" data-settings=\"{&quot;jet_parallax_layout_list&quot;:[]}\">\n\t\t\t\t\t\t<div class=\"elementor-container elementor-column-gap-default\">\n\t\t\t\t\t<div class=\"elementor-column elementor-col-100 elementor-top-column elementor-element elementor-element-2772ad9\" data-id=\"2772ad9\" data-element_type=\"column\">\n\t\t\t<div class=\"elementor-widget-wrap elementor-element-populated\">\n\t\t\t\t\t\t<div class=\"elementor-element elementor-element-25c6a3a elementor-widget elementor-widget-image\" data-id=\"25c6a3a\" data-element_type=\"widget\" data-widget_type=\"image.default\">\n\t\t\t\t<div class=\"elementor-widget-container\">\n\t\t\t\t\t\t\t\t\t\t\t\t\t<img fetchpriority=\"high\" decoding=\"async\" width=\"768\" height=\"768\" src=\"https:\/\/www.ifh.cv\/wp-content\/uploads\/2022\/05\/282386756_5253692714698359_3204955458038894518_n-768x768.jpg\" class=\"attachment-medium_large size-medium_large wp-image-5530\" alt=\"\" srcset=\"https:\/\/www.ifh.cv\/wp-content\/uploads\/2022\/05\/282386756_5253692714698359_3204955458038894518_n-768x768.jpg 768w, https:\/\/www.ifh.cv\/wp-content\/uploads\/2022\/05\/282386756_5253692714698359_3204955458038894518_n-300x300.jpg 300w, https:\/\/www.ifh.cv\/wp-content\/uploads\/2022\/05\/282386756_5253692714698359_3204955458038894518_n-1024x1024.jpg 1024w, https:\/\/www.ifh.cv\/wp-content\/uploads\/2022\/05\/282386756_5253692714698359_3204955458038894518_n-150x150.jpg 150w, https:\/\/www.ifh.cv\/wp-content\/uploads\/2022\/05\/282386756_5253692714698359_3204955458038894518_n-1536x1536.jpg 1536w, https:\/\/www.ifh.cv\/wp-content\/uploads\/2022\/05\/282386756_5253692714698359_3204955458038894518_n.jpg 2048w\" sizes=\"(max-width: 768px) 100vw, 768px\" \/>\t\t\t\t\t\t\t\t\t\t\t\t\t<\/div>\n\t\t\t\t<\/div>\n\t\t\t\t\t<\/div>\n\t\t<\/div>\n\t\t\t\t\t<\/div>\n\t\t<\/section>\n\t\t\t\t<\/div>\n\t\t","protected":false},"excerpt":{"rendered":"<p>O Munic\u00edpio da Praia celebra, hoje, os seus 164 anos e h\u00e1 quase 40 que a IFH vem participando ativamente no desenvolvimento deste Munic\u00edpio. Os marcos s\u00e3o vis\u00edveis e plenos de conviv\u00eancia. S\u00e3o mais de 25 conjuntos habitacionais constru\u00eddos e mais de 60 hectares de terreno infraestruturados, criando novas \u00e1reas de expans\u00e3o urbana. A IFH [&hellip;]<\/p>\n","protected":false},"author":2,"featured_media":5530,"comment_status":"open","ping_status":"open","sticky":false,"template":"","format":"standard","meta":{"content-type":"","_exactmetrics_skip_tracking":false,"_exactmetrics_sitenote_active":false,"_exactmetrics_sitenote_note":"","_exactmetrics_sitenote_category":0,"site-sidebar-layout":"default","site-content-layout":"","ast-site-content-layout":"default","site-content-style":"default","site-sidebar-style":"default","ast-global-header-display":"","ast-banner-title-visibility":"","ast-main-header-display":"","ast-hfb-above-header-display":"","ast-hfb-below-header-display":"","ast-hfb-mobile-header-display":"","site-post-title":"","ast-breadcrumbs-content":"","ast-featured-img":"","footer-sml-layout":"","ast-disable-related-posts":"","theme-transparent-header-meta":"","adv-header-id-meta":"","stick-header-meta":"","header-above-stick-meta":"","header-main-stick-meta":"","header-below-stick-meta":"","astra-migrate-meta-layouts":"default","ast-page-background-enabled":"default","ast-page-background-meta":{"desktop":{"background-color":"","background-image":"","background-repeat":"repeat","background-position":"center center","background-size":"auto","background-attachment":"scroll","background-type":"","background-media":"","overlay-type":"","overlay-color":"","overlay-opacity":"","overlay-gradient":""},"tablet":{"background-color":"","background-image":"","background-repeat":"repeat","background-position":"center center","background-size":"auto","background-attachment":"scroll","background-type":"","background-media":"","overlay-type":"","overlay-color":"","overlay-opacity":"","overlay-gradient":""},"mobile":{"background-color":"","background-image":"","background-repeat":"repeat","background-position":"center center","background-size":"auto","background-attachment":"scroll","background-type":"","background-media":"","overlay-type":"","overlay-color":"","overlay-opacity":"","overlay-gradient":""}},"ast-content-background-meta":{"desktop":{"background-color":"var(--ast-global-color-5)","background-image":"","background-repeat":"repeat","background-position":"center center","background-size":"auto","background-attachment":"scroll","background-type":"","background-media":"","overlay-type":"","overlay-color":"","overlay-opacity":"","overlay-gradient":""},"tablet":{"background-color":"var(--ast-global-color-5)","background-image":"","background-repeat":"repeat","background-position":"center center","background-size":"auto","background-attachment":"scroll","background-type":"","background-media":"","overlay-type":"","overlay-color":"","overlay-opacity":"","overlay-gradient":""},"mobile":{"background-color":"var(--ast-global-color-5)","background-image":"","background-repeat":"repeat","background-position":"center center","background-size":"auto","background-attachment":"scroll","background-type":"","background-media":"","overlay-type":"","overlay-color":"","overlay-opacity":"","overlay-gradient":""}},"footnotes":""},"categories":[88],"tags":[],"_links":{"self":[{"href":"https:\/\/www.ifh.cv\/index.php?rest_route=\/wp\/v2\/posts\/5537"}],"collection":[{"href":"https:\/\/www.ifh.cv\/index.php?rest_route=\/wp\/v2\/posts"}],"about":[{"href":"https:\/\/www.ifh.cv\/index.php?rest_route=\/wp\/v2\/types\/post"}],"author":[{"embeddable":true,"href":"https:\/\/www.ifh.cv\/index.php?rest_route=\/wp\/v2\/users\/2"}],"replies":[{"embeddable":true,"href":"https:\/\/www.ifh.cv\/index.php?rest_route=%2Fwp%2Fv2%2Fcomments&post=5537"}],"version-history":[{"count":4,"href":"https:\/\/www.ifh.cv\/index.php?rest_route=\/wp\/v2\/posts\/5537\/revisions"}],"predecessor-version":[{"id":5558,"href":"https:\/\/www.ifh.cv\/index.php?rest_route=\/wp\/v2\/posts\/5537\/revisions\/5558"}],"wp:featuredmedia":[{"embeddable":true,"href":"https:\/\/www.ifh.cv\/index.php?rest_route=\/wp\/v2\/media\/5530"}],"wp:attachment":[{"href":"https:\/\/www.ifh.cv\/index.php?rest_route=%2Fwp%2Fv2%2Fmedia&parent=5537"}],"wp:term":[{"taxonomy":"category","embeddable":true,"href":"https:\/\/www.ifh.cv\/index.php?rest_route=%2Fwp%2Fv2%2Fcategories&post=5537"},{"taxonomy":"post_tag","embeddable":true,"href":"https:\/\/www.ifh.cv\/index.php?rest_route=%2Fwp%2Fv2%2Ftags&post=5537"}],"curies":[{"name":"wp","href":"https:\/\/api.w.org\/{rel}","templated":true}]}}