{"id":5490,"date":"2022-04-22T14:38:42","date_gmt":"2022-04-22T15:38:42","guid":{"rendered":"https:\/\/www.ifh.cv\/?p=5490"},"modified":"2022-04-22T14:47:58","modified_gmt":"2022-04-22T15:47:58","slug":"%f0%9d%90%83%f0%9d%90%a2%f0%9d%90%9a-%f0%9d%90%8c%f0%9d%90%ae%f0%9d%90%a7%f0%9d%90%9d%f0%9d%90%a2%f0%9d%90%9a%f0%9d%90%a5-%f0%9d%90%9d%f0%9d%90%9a-%f0%9d%90%93%f0%9d%90%9e%f0%9d%90%ab%f0%9d%90%ab","status":"publish","type":"post","link":"https:\/\/www.ifh.cv\/?p=5490","title":{"rendered":"\ud835\udc03\ud835\udc22\ud835\udc1a \ud835\udc0c\ud835\udc2e\ud835\udc27\ud835\udc1d\ud835\udc22\ud835\udc1a\ud835\udc25 \ud835\udc1d\ud835\udc1a \ud835\udc13\ud835\udc1e\ud835\udc2b\ud835\udc2b\ud835\udc1a"},"content":{"rendered":"\t\t<div data-elementor-type=\"wp-post\" data-elementor-id=\"5490\" class=\"elementor elementor-5490\">\n\t\t\t\t\t\t<section class=\"elementor-section elementor-top-section elementor-element elementor-element-cd6b9f8 elementor-section-boxed elementor-section-height-default elementor-section-height-default\" data-id=\"cd6b9f8\" data-element_type=\"section\" data-settings=\"{&quot;jet_parallax_layout_list&quot;:[]}\">\n\t\t\t\t\t\t<div class=\"elementor-container elementor-column-gap-default\">\n\t\t\t\t\t<div class=\"elementor-column elementor-col-100 elementor-top-column elementor-element elementor-element-5b553a92\" data-id=\"5b553a92\" data-element_type=\"column\">\n\t\t\t<div class=\"elementor-widget-wrap elementor-element-populated\">\n\t\t\t\t\t\t<div class=\"elementor-element elementor-element-68aa609a elementor-widget elementor-widget-text-editor\" data-id=\"68aa609a\" data-element_type=\"widget\" data-widget_type=\"text-editor.default\">\n\t\t\t\t<div class=\"elementor-widget-container\">\n\t\t\t\t\t\t\t<!-- wp:paragraph -->\n<p>Assinala-se hoje, o Dia Mundial da Terra. Uma data que representa a luta em defesa do nosso planeta, promovendo a reflex\u00e3o e a consciencializa\u00e7\u00e3o sobre a import\u00e2ncia da preserva\u00e7\u00e3o do ecossistema, pois \u00e9 fundamental para conter as mudan\u00e7as clim\u00e1ticas e a destrui\u00e7\u00e3o do meio ambiente.<\/p>\n<!-- \/wp:paragraph -->\n\n<!-- wp:paragraph -->\n<p>Segundo Ant\u00f3nio Guterres, secret\u00e1rio geral da ONU, a Terra enfrenta uma crise planet\u00e1ria tripla: o dist\u00farbio clim\u00e1tico e perda de biodiversidade, aliada \u00e0 polui\u00e7\u00e3o e ao desperd\u00edcio que amea\u00e7am o bem-estar e a sobreviv\u00eancia de milh\u00f5es de pessoas em todo o mundo.<\/p>\n<!-- \/wp:paragraph -->\n\n<!-- wp:paragraph -->\n<p>Nossos estilos de vida t\u00eam um impacto profundo em nosso planeta e todos temos o dever de fazer algo para proteger e conservar a nossa casa, a m\u00e3e Terra.<\/p>\n<!-- \/wp:paragraph -->\n\n<!-- wp:paragraph -->\n<p>O que tem feito neste sentido?<\/p>\n<!-- \/wp:paragraph -->\n\n<!-- wp:paragraph -->\n<p>Conhe\u00e7a a ActNow, uma campanha das Na\u00e7\u00f5es Unidas para a\u00e7\u00e3o individual sobre mudan\u00e7a clim\u00e1tica e sustentabilidade:&nbsp;<a href=\"http:\/\/www.un.org\/actnow?fbclid=IwAR37tamdMsBKtSP_WDC3RFHe5fPfnV0XHACEmh_6sTMBS-3N918clhaFcfQ\" rel=\"noreferrer noopener\" target=\"_blank\">http:\/\/www.un.org\/actnow<\/a><\/p>\n<!-- \/wp:paragraph -->\n\n<!-- wp:paragraph -->\n<p>Not\u00edcia em:&nbsp;<a href=\"https:\/\/news.un.org\/pt\/story\/2022\/04\/1786742?fbclid=IwAR3_NbnR4txKDuk3NFyQVWup8MmOMyoh6wCehB2J72OI8WOc1jaGn3T6pFU\" rel=\"noreferrer noopener\" target=\"_blank\">https:\/\/news.un.org\/pt\/story\/2022\/04\/1786742<\/a><\/p>\n<!-- \/wp:paragraph -->\n\n<!-- wp:paragraph -->\n<p><a href=\"https:\/\/www.facebook.com\/hashtag\/ifhcv?__eep__=6&amp;__tn__=*NK*F\">#ifhcv<\/a><br><a href=\"https:\/\/www.facebook.com\/hashtag\/caboverde?__eep__=6&amp;__tn__=*NK*F\">#caboverde<\/a><br><a href=\"https:\/\/www.facebook.com\/hashtag\/diamundialdaterra?__eep__=6&amp;__tn__=*NK*F\">#diamundialdaterra<\/a><\/p>\n<!-- \/wp:paragraph -->\t\t\t\t\t\t<\/div>\n\t\t\t\t<\/div>\n\t\t\t\t\t<\/div>\n\t\t<\/div>\n\t\t\t\t\t<\/div>\n\t\t<\/section>\n\t\t\t\t<section class=\"elementor-section elementor-top-section elementor-element elementor-element-0724986 elementor-section-boxed elementor-section-height-default elementor-section-height-default\" data-id=\"0724986\" data-element_type=\"section\" data-settings=\"{&quot;jet_parallax_layout_list&quot;:[]}\">\n\t\t\t\t\t\t<div class=\"elementor-container elementor-column-gap-default\">\n\t\t\t\t\t<div class=\"elementor-column elementor-col-100 elementor-top-column elementor-element elementor-element-770dc00\" data-id=\"770dc00\" data-element_type=\"column\">\n\t\t\t<div class=\"elementor-widget-wrap elementor-element-populated\">\n\t\t\t\t\t\t<div class=\"elementor-element elementor-element-8d21d17 elementor-widget elementor-widget-image\" data-id=\"8d21d17\" data-element_type=\"widget\" data-widget_type=\"image.default\">\n\t\t\t\t<div class=\"elementor-widget-container\">\n\t\t\t\t\t\t\t\t\t\t\t\t\t<img fetchpriority=\"high\" decoding=\"async\" width=\"768\" height=\"768\" src=\"https:\/\/www.ifh.cv\/wp-content\/uploads\/2022\/04\/279013003_5178972988836999_4111254219530902090_n-768x768.jpg\" class=\"attachment-medium_large size-medium_large wp-image-5491\" alt=\"\" srcset=\"https:\/\/www.ifh.cv\/wp-content\/uploads\/2022\/04\/279013003_5178972988836999_4111254219530902090_n-768x768.jpg 768w, https:\/\/www.ifh.cv\/wp-content\/uploads\/2022\/04\/279013003_5178972988836999_4111254219530902090_n-300x300.jpg 300w, https:\/\/www.ifh.cv\/wp-content\/uploads\/2022\/04\/279013003_5178972988836999_4111254219530902090_n-1024x1024.jpg 1024w, https:\/\/www.ifh.cv\/wp-content\/uploads\/2022\/04\/279013003_5178972988836999_4111254219530902090_n-150x150.jpg 150w, https:\/\/www.ifh.cv\/wp-content\/uploads\/2022\/04\/279013003_5178972988836999_4111254219530902090_n-1536x1536.jpg 1536w, https:\/\/www.ifh.cv\/wp-content\/uploads\/2022\/04\/279013003_5178972988836999_4111254219530902090_n.jpg 2048w\" sizes=\"(max-width: 768px) 100vw, 768px\" \/>\t\t\t\t\t\t\t\t\t\t\t\t\t<\/div>\n\t\t\t\t<\/div>\n\t\t\t\t\t<\/div>\n\t\t<\/div>\n\t\t\t\t\t<\/div>\n\t\t<\/section>\n\t\t\t\t<\/div>\n\t\t","protected":false},"excerpt":{"rendered":"<p>Assinala-se hoje, o Dia Mundial da Terra. Uma data que representa a luta em defesa do nosso planeta, promovendo a reflex\u00e3o e a consciencializa\u00e7\u00e3o sobre a import\u00e2ncia da preserva\u00e7\u00e3o do ecossistema, pois \u00e9 fundamental para conter as mudan\u00e7as clim\u00e1ticas e a destrui\u00e7\u00e3o do meio ambiente. Segundo Ant\u00f3nio Guterres, secret\u00e1rio geral da ONU, a Terra enfrenta [&hellip;]<\/p>\n","protected":false},"author":2,"featured_media":5491,"comment_status":"open","ping_status":"open","sticky":false,"template":"","format":"standard","meta":{"content-type":"","_exactmetrics_skip_tracking":false,"_exactmetrics_sitenote_active":false,"_exactmetrics_sitenote_note":"","_exactmetrics_sitenote_category":0,"site-sidebar-layout":"default","site-content-layout":"","ast-site-content-layout":"default","site-content-style":"default","site-sidebar-style":"default","ast-global-header-display":"","ast-banner-title-visibility":"","ast-main-header-display":"","ast-hfb-above-header-display":"","ast-hfb-below-header-display":"","ast-hfb-mobile-header-display":"","site-post-title":"","ast-breadcrumbs-content":"","ast-featured-img":"","footer-sml-layout":"","ast-disable-related-posts":"","theme-transparent-header-meta":"","adv-header-id-meta":"","stick-header-meta":"","header-above-stick-meta":"","header-main-stick-meta":"","header-below-stick-meta":"","astra-migrate-meta-layouts":"default","ast-page-background-enabled":"default","ast-page-background-meta":{"desktop":{"background-color":"","background-image":"","background-repeat":"repeat","background-position":"center center","background-size":"auto","background-attachment":"scroll","background-type":"","background-media":"","overlay-type":"","overlay-color":"","overlay-opacity":"","overlay-gradient":""},"tablet":{"background-color":"","background-image":"","background-repeat":"repeat","background-position":"center center","background-size":"auto","background-attachment":"scroll","background-type":"","background-media":"","overlay-type":"","overlay-color":"","overlay-opacity":"","overlay-gradient":""},"mobile":{"background-color":"","background-image":"","background-repeat":"repeat","background-position":"center center","background-size":"auto","background-attachment":"scroll","background-type":"","background-media":"","overlay-type":"","overlay-color":"","overlay-opacity":"","overlay-gradient":""}},"ast-content-background-meta":{"desktop":{"background-color":"var(--ast-global-color-5)","background-image":"","background-repeat":"repeat","background-position":"center center","background-size":"auto","background-attachment":"scroll","background-type":"","background-media":"","overlay-type":"","overlay-color":"","overlay-opacity":"","overlay-gradient":""},"tablet":{"background-color":"var(--ast-global-color-5)","background-image":"","background-repeat":"repeat","background-position":"center center","background-size":"auto","background-attachment":"scroll","background-type":"","background-media":"","overlay-type":"","overlay-color":"","overlay-opacity":"","overlay-gradient":""},"mobile":{"background-color":"var(--ast-global-color-5)","background-image":"","background-repeat":"repeat","background-position":"center center","background-size":"auto","background-attachment":"scroll","background-type":"","background-media":"","overlay-type":"","overlay-color":"","overlay-opacity":"","overlay-gradient":""}},"footnotes":""},"categories":[88],"tags":[],"_links":{"self":[{"href":"https:\/\/www.ifh.cv\/index.php?rest_route=\/wp\/v2\/posts\/5490"}],"collection":[{"href":"https:\/\/www.ifh.cv\/index.php?rest_route=\/wp\/v2\/posts"}],"about":[{"href":"https:\/\/www.ifh.cv\/index.php?rest_route=\/wp\/v2\/types\/post"}],"author":[{"embeddable":true,"href":"https:\/\/www.ifh.cv\/index.php?rest_route=\/wp\/v2\/users\/2"}],"replies":[{"embeddable":true,"href":"https:\/\/www.ifh.cv\/index.php?rest_route=%2Fwp%2Fv2%2Fcomments&post=5490"}],"version-history":[{"count":4,"href":"https:\/\/www.ifh.cv\/index.php?rest_route=\/wp\/v2\/posts\/5490\/revisions"}],"predecessor-version":[{"id":5495,"href":"https:\/\/www.ifh.cv\/index.php?rest_route=\/wp\/v2\/posts\/5490\/revisions\/5495"}],"wp:featuredmedia":[{"embeddable":true,"href":"https:\/\/www.ifh.cv\/index.php?rest_route=\/wp\/v2\/media\/5491"}],"wp:attachment":[{"href":"https:\/\/www.ifh.cv\/index.php?rest_route=%2Fwp%2Fv2%2Fmedia&parent=5490"}],"wp:term":[{"taxonomy":"category","embeddable":true,"href":"https:\/\/www.ifh.cv\/index.php?rest_route=%2Fwp%2Fv2%2Fcategories&post=5490"},{"taxonomy":"post_tag","embeddable":true,"href":"https:\/\/www.ifh.cv\/index.php?rest_route=%2Fwp%2Fv2%2Ftags&post=5490"}],"curies":[{"name":"wp","href":"https:\/\/api.w.org\/{rel}","templated":true}]}}