{"id":11614,"date":"2026-04-27T13:23:15","date_gmt":"2026-04-27T14:23:15","guid":{"rendered":"https:\/\/www.ifh.cv\/?p=11614"},"modified":"2026-04-30T13:28:03","modified_gmt":"2026-04-30T14:28:03","slug":"encontro-entre-ifh-e-camara-municipal-do-sal","status":"publish","type":"post","link":"https:\/\/www.ifh.cv\/?p=11614","title":{"rendered":"Encontro entre IFH e C\u00e2mara Municipal do Sal"},"content":{"rendered":"\t\t<div data-elementor-type=\"wp-post\" data-elementor-id=\"11614\" class=\"elementor elementor-11614\">\n\t\t\t\t\t\t<section class=\"elementor-section elementor-top-section elementor-element elementor-element-369dff43 elementor-section-boxed elementor-section-height-default elementor-section-height-default\" data-id=\"369dff43\" data-element_type=\"section\" data-settings=\"{&quot;jet_parallax_layout_list&quot;:[]}\">\n\t\t\t\t\t\t<div class=\"elementor-container elementor-column-gap-default\">\n\t\t\t\t\t<div class=\"elementor-column elementor-col-100 elementor-top-column elementor-element elementor-element-623709bd\" data-id=\"623709bd\" data-element_type=\"column\">\n\t\t\t<div class=\"elementor-widget-wrap elementor-element-populated\">\n\t\t\t\t\t\t<div class=\"elementor-element elementor-element-383dbb77 elementor-widget elementor-widget-text-editor\" data-id=\"383dbb77\" data-element_type=\"widget\" data-widget_type=\"text-editor.default\">\n\t\t\t\t<div class=\"elementor-widget-container\">\n\t\t\t\t\t\t\t<!-- wp:paragraph -->\n<p>O Presidente do Conselho de Administra\u00e7\u00e3o da IFH reuniu-se na manh\u00e3 de hoje, 27 de abril, com o Presidente da C\u00e2mara Municipal do Sal e com o Vereador da Coes\u00e3o Social.<\/p>\n<!-- \/wp:paragraph -->\n\n<!-- wp:paragraph -->\n<p>Durante o encontro, foram analisados diversos assuntos relacionados com as empreitadas em curso, nomeadamente, Vila Jardins de Hortel\u00e3 e Alto Santa Cruz, como outros projetos habitacionais.<\/p>\n<!-- \/wp:paragraph -->\n\n<!-- wp:paragraph -->\n<p>Foi igualmente feito o ponto situa\u00e7\u00e3o de iniciativas previstas no dom\u00ednio da habita\u00e7\u00e3o, incluindo o projeto em Pret\u00f3ria, atualmente em fase preparat\u00f3ria, com cerca de 100 fogos.<\/p>\n<!-- \/wp:paragraph -->\n\n<!-- wp:paragraph -->\n<p>Encontram-se ainda em estudo, outros projetos nas localidades de F\u00e1tima, Ribeira Feiijoal 2 e Palmeira.<\/p>\n<!-- \/wp:paragraph -->\n\n<!-- wp:paragraph -->\n<p>Foram analisados e solucionados os entraves \u00e0 evolu\u00e7\u00e3o do processo de urbaniza\u00e7\u00e3o de Fontona e a constru\u00e7\u00e3o da estrada Palmeira &#8211; Rotunda de Madama pelo litoral.<\/p>\n<!-- \/wp:paragraph -->\t\t\t\t\t\t<\/div>\n\t\t\t\t<\/div>\n\t\t\t\t\t<\/div>\n\t\t<\/div>\n\t\t\t\t\t<\/div>\n\t\t<\/section>\n\t\t\t\t<section class=\"elementor-section elementor-top-section elementor-element elementor-element-d571b40 elementor-section-boxed elementor-section-height-default elementor-section-height-default\" data-id=\"d571b40\" data-element_type=\"section\" data-settings=\"{&quot;jet_parallax_layout_list&quot;:[]}\">\n\t\t\t\t\t\t<div class=\"elementor-container elementor-column-gap-default\">\n\t\t\t\t\t<div class=\"elementor-column elementor-col-100 elementor-top-column elementor-element elementor-element-1352adf\" data-id=\"1352adf\" data-element_type=\"column\">\n\t\t\t<div class=\"elementor-widget-wrap elementor-element-populated\">\n\t\t\t\t\t\t<div class=\"elementor-element elementor-element-bd7bd01 elementor-widget elementor-widget-image\" data-id=\"bd7bd01\" data-element_type=\"widget\" data-widget_type=\"image.default\">\n\t\t\t\t<div class=\"elementor-widget-container\">\n\t\t\t\t\t\t\t\t\t\t\t\t\t<img fetchpriority=\"high\" decoding=\"async\" width=\"768\" height=\"576\" src=\"https:\/\/www.ifh.cv\/wp-content\/uploads\/2026\/04\/IMG_20260427_114822-768x576.jpg\" class=\"attachment-medium_large size-medium_large wp-image-11621\" alt=\"\" srcset=\"https:\/\/www.ifh.cv\/wp-content\/uploads\/2026\/04\/IMG_20260427_114822-768x576.jpg 768w, https:\/\/www.ifh.cv\/wp-content\/uploads\/2026\/04\/IMG_20260427_114822-300x225.jpg 300w, https:\/\/www.ifh.cv\/wp-content\/uploads\/2026\/04\/IMG_20260427_114822-1024x768.jpg 1024w, https:\/\/www.ifh.cv\/wp-content\/uploads\/2026\/04\/IMG_20260427_114822-1536x1152.jpg 1536w, https:\/\/www.ifh.cv\/wp-content\/uploads\/2026\/04\/IMG_20260427_114822-2048x1536.jpg 2048w\" sizes=\"(max-width: 768px) 100vw, 768px\" \/>\t\t\t\t\t\t\t\t\t\t\t\t\t<\/div>\n\t\t\t\t<\/div>\n\t\t\t\t\t<\/div>\n\t\t<\/div>\n\t\t\t\t\t<\/div>\n\t\t<\/section>\n\t\t\t\t<\/div>\n\t\t","protected":false},"excerpt":{"rendered":"<p>O Presidente do Conselho de Administra\u00e7\u00e3o da IFH reuniu-se na manh\u00e3 de hoje, 27 de abril, com o Presidente da C\u00e2mara Municipal do Sal e com o Vereador da Coes\u00e3o Social. Durante o encontro, foram analisados diversos assuntos relacionados com as empreitadas em curso, nomeadamente, Vila Jardins de Hortel\u00e3 e Alto Santa Cruz, como outros [&hellip;]<\/p>\n","protected":false},"author":2,"featured_media":11621,"comment_status":"open","ping_status":"open","sticky":false,"template":"","format":"standard","meta":{"content-type":"","_exactmetrics_skip_tracking":false,"_exactmetrics_sitenote_active":false,"_exactmetrics_sitenote_note":"","_exactmetrics_sitenote_category":0,"site-sidebar-layout":"default","site-content-layout":"","ast-site-content-layout":"default","site-content-style":"default","site-sidebar-style":"default","ast-global-header-display":"","ast-banner-title-visibility":"","ast-main-header-display":"","ast-hfb-above-header-display":"","ast-hfb-below-header-display":"","ast-hfb-mobile-header-display":"","site-post-title":"","ast-breadcrumbs-content":"","ast-featured-img":"","footer-sml-layout":"","ast-disable-related-posts":"","theme-transparent-header-meta":"","adv-header-id-meta":"","stick-header-meta":"","header-above-stick-meta":"","header-main-stick-meta":"","header-below-stick-meta":"","astra-migrate-meta-layouts":"set","ast-page-background-enabled":"default","ast-page-background-meta":{"desktop":{"background-color":"","background-image":"","background-repeat":"repeat","background-position":"center center","background-size":"auto","background-attachment":"scroll","background-type":"","background-media":"","overlay-type":"","overlay-color":"","overlay-opacity":"","overlay-gradient":""},"tablet":{"background-color":"","background-image":"","background-repeat":"repeat","background-position":"center center","background-size":"auto","background-attachment":"scroll","background-type":"","background-media":"","overlay-type":"","overlay-color":"","overlay-opacity":"","overlay-gradient":""},"mobile":{"background-color":"","background-image":"","background-repeat":"repeat","background-position":"center center","background-size":"auto","background-attachment":"scroll","background-type":"","background-media":"","overlay-type":"","overlay-color":"","overlay-opacity":"","overlay-gradient":""}},"ast-content-background-meta":{"desktop":{"background-color":"var(--ast-global-color-5)","background-image":"","background-repeat":"repeat","background-position":"center center","background-size":"auto","background-attachment":"scroll","background-type":"","background-media":"","overlay-type":"","overlay-color":"","overlay-opacity":"","overlay-gradient":""},"tablet":{"background-color":"var(--ast-global-color-5)","background-image":"","background-repeat":"repeat","background-position":"center center","background-size":"auto","background-attachment":"scroll","background-type":"","background-media":"","overlay-type":"","overlay-color":"","overlay-opacity":"","overlay-gradient":""},"mobile":{"background-color":"var(--ast-global-color-5)","background-image":"","background-repeat":"repeat","background-position":"center center","background-size":"auto","background-attachment":"scroll","background-type":"","background-media":"","overlay-type":"","overlay-color":"","overlay-opacity":"","overlay-gradient":""}},"footnotes":""},"categories":[88],"tags":[],"_links":{"self":[{"href":"https:\/\/www.ifh.cv\/index.php?rest_route=\/wp\/v2\/posts\/11614"}],"collection":[{"href":"https:\/\/www.ifh.cv\/index.php?rest_route=\/wp\/v2\/posts"}],"about":[{"href":"https:\/\/www.ifh.cv\/index.php?rest_route=\/wp\/v2\/types\/post"}],"author":[{"embeddable":true,"href":"https:\/\/www.ifh.cv\/index.php?rest_route=\/wp\/v2\/users\/2"}],"replies":[{"embeddable":true,"href":"https:\/\/www.ifh.cv\/index.php?rest_route=%2Fwp%2Fv2%2Fcomments&post=11614"}],"version-history":[{"count":4,"href":"https:\/\/www.ifh.cv\/index.php?rest_route=\/wp\/v2\/posts\/11614\/revisions"}],"predecessor-version":[{"id":11648,"href":"https:\/\/www.ifh.cv\/index.php?rest_route=\/wp\/v2\/posts\/11614\/revisions\/11648"}],"wp:featuredmedia":[{"embeddable":true,"href":"https:\/\/www.ifh.cv\/index.php?rest_route=\/wp\/v2\/media\/11621"}],"wp:attachment":[{"href":"https:\/\/www.ifh.cv\/index.php?rest_route=%2Fwp%2Fv2%2Fmedia&parent=11614"}],"wp:term":[{"taxonomy":"category","embeddable":true,"href":"https:\/\/www.ifh.cv\/index.php?rest_route=%2Fwp%2Fv2%2Fcategories&post=11614"},{"taxonomy":"post_tag","embeddable":true,"href":"https:\/\/www.ifh.cv\/index.php?rest_route=%2Fwp%2Fv2%2Ftags&post=11614"}],"curies":[{"name":"wp","href":"https:\/\/api.w.org\/{rel}","templated":true}]}}