{"id":11578,"date":"2026-04-22T08:36:01","date_gmt":"2026-04-22T09:36:01","guid":{"rendered":"https:\/\/www.ifh.cv\/?p=11578"},"modified":"2026-04-22T08:45:26","modified_gmt":"2026-04-22T09:45:26","slug":"dia-mundial-da-terra-4","status":"publish","type":"post","link":"https:\/\/www.ifh.cv\/?p=11578","title":{"rendered":"Dia Mundial da Terra"},"content":{"rendered":"\t\t<div data-elementor-type=\"wp-post\" data-elementor-id=\"11578\" class=\"elementor elementor-11578\">\n\t\t\t\t\t\t<section class=\"elementor-section elementor-top-section elementor-element elementor-element-4e5913aa elementor-section-boxed elementor-section-height-default elementor-section-height-default\" data-id=\"4e5913aa\" data-element_type=\"section\" data-settings=\"{&quot;jet_parallax_layout_list&quot;:[]}\">\n\t\t\t\t\t\t<div class=\"elementor-container elementor-column-gap-default\">\n\t\t\t\t\t<div class=\"elementor-column elementor-col-100 elementor-top-column elementor-element elementor-element-9b94e1\" data-id=\"9b94e1\" data-element_type=\"column\">\n\t\t\t<div class=\"elementor-widget-wrap elementor-element-populated\">\n\t\t\t\t\t\t<div class=\"elementor-element elementor-element-1987fff3 elementor-widget elementor-widget-text-editor\" data-id=\"1987fff3\" data-element_type=\"widget\" data-widget_type=\"text-editor.default\">\n\t\t\t\t<div class=\"elementor-widget-container\">\n\t\t\t\t\t\t\t<!-- wp:paragraph -->\n<p>Sob o lema \u201c\ud835\udc75\ud835\udc90\ud835\udc94\ud835\udc94\ud835\udc90 \ud835\udc77\ud835\udc90\ud835\udc85\ud835\udc86\ud835\udc93, \ud835\udc75\ud835\udc90\ud835\udc94\ud835\udc94\ud835\udc90 \ud835\udc77\ud835\udc8d\ud835\udc82\ud835\udc8f\ud835\udc86\ud835\udc95\ud835\udc82\u201d, \u00e9 celebrado hoje, 22 de abril, o Dia Mundial da Terra.<\/p>\n<!-- \/wp:paragraph -->\n\n<!-- wp:paragraph -->\n<p>O objetivo \u00e9 unir esfor\u00e7os para acelerar a transi\u00e7\u00e3o para energias limpas e focar na mobiliza\u00e7\u00e3o social para que todos defendam o ambiente atrav\u00e9s de h\u00e1bitos sustent\u00e1veis.<\/p>\n<!-- \/wp:paragraph -->\n\n<!-- wp:paragraph -->\n<p>A mudan\u00e7a come\u00e7a com cada um de n\u00f3s. O que tem feito pelo planeta?<\/p>\n<!-- \/wp:paragraph -->\t\t\t\t\t\t<\/div>\n\t\t\t\t<\/div>\n\t\t\t\t\t<\/div>\n\t\t<\/div>\n\t\t\t\t\t<\/div>\n\t\t<\/section>\n\t\t\t\t<section class=\"elementor-section elementor-top-section elementor-element elementor-element-0ac3df8 elementor-section-boxed elementor-section-height-default elementor-section-height-default\" data-id=\"0ac3df8\" data-element_type=\"section\" data-settings=\"{&quot;jet_parallax_layout_list&quot;:[]}\">\n\t\t\t\t\t\t<div class=\"elementor-container elementor-column-gap-default\">\n\t\t\t\t\t<div class=\"elementor-column elementor-col-100 elementor-top-column elementor-element elementor-element-9915deb\" data-id=\"9915deb\" data-element_type=\"column\">\n\t\t\t<div class=\"elementor-widget-wrap elementor-element-populated\">\n\t\t\t\t\t\t<div class=\"elementor-element elementor-element-452cc61 elementor-widget elementor-widget-image\" data-id=\"452cc61\" data-element_type=\"widget\" data-widget_type=\"image.default\">\n\t\t\t\t<div class=\"elementor-widget-container\">\n\t\t\t\t\t\t\t\t\t\t\t\t\t<img fetchpriority=\"high\" decoding=\"async\" width=\"768\" height=\"768\" src=\"https:\/\/www.ifh.cv\/wp-content\/uploads\/2026\/04\/Colecao-Rede-Social-dia-da-natureza-4-768x768.png\" class=\"attachment-medium_large size-medium_large wp-image-11579\" alt=\"\" srcset=\"https:\/\/www.ifh.cv\/wp-content\/uploads\/2026\/04\/Colecao-Rede-Social-dia-da-natureza-4-768x768.png 768w, https:\/\/www.ifh.cv\/wp-content\/uploads\/2026\/04\/Colecao-Rede-Social-dia-da-natureza-4-300x300.png 300w, https:\/\/www.ifh.cv\/wp-content\/uploads\/2026\/04\/Colecao-Rede-Social-dia-da-natureza-4-1024x1024.png 1024w, https:\/\/www.ifh.cv\/wp-content\/uploads\/2026\/04\/Colecao-Rede-Social-dia-da-natureza-4-150x150.png 150w, https:\/\/www.ifh.cv\/wp-content\/uploads\/2026\/04\/Colecao-Rede-Social-dia-da-natureza-4.png 1300w\" sizes=\"(max-width: 768px) 100vw, 768px\" \/>\t\t\t\t\t\t\t\t\t\t\t\t\t<\/div>\n\t\t\t\t<\/div>\n\t\t\t\t\t<\/div>\n\t\t<\/div>\n\t\t\t\t\t<\/div>\n\t\t<\/section>\n\t\t\t\t<\/div>\n\t\t","protected":false},"excerpt":{"rendered":"<p>Sob o lema \u201c\ud835\udc75\ud835\udc90\ud835\udc94\ud835\udc94\ud835\udc90 \ud835\udc77\ud835\udc90\ud835\udc85\ud835\udc86\ud835\udc93, \ud835\udc75\ud835\udc90\ud835\udc94\ud835\udc94\ud835\udc90 \ud835\udc77\ud835\udc8d\ud835\udc82\ud835\udc8f\ud835\udc86\ud835\udc95\ud835\udc82\u201d, \u00e9 celebrado hoje, 22 de abril, o Dia Mundial da Terra. O objetivo \u00e9 unir esfor\u00e7os para acelerar a transi\u00e7\u00e3o para energias limpas e focar na mobiliza\u00e7\u00e3o social para que todos defendam o ambiente atrav\u00e9s de h\u00e1bitos sustent\u00e1veis. A mudan\u00e7a come\u00e7a com cada um de n\u00f3s. O que [&hellip;]<\/p>\n","protected":false},"author":2,"featured_media":11579,"comment_status":"open","ping_status":"open","sticky":false,"template":"","format":"standard","meta":{"content-type":"","_exactmetrics_skip_tracking":false,"_exactmetrics_sitenote_active":false,"_exactmetrics_sitenote_note":"","_exactmetrics_sitenote_category":0,"site-sidebar-layout":"default","site-content-layout":"","ast-site-content-layout":"default","site-content-style":"default","site-sidebar-style":"default","ast-global-header-display":"","ast-banner-title-visibility":"","ast-main-header-display":"","ast-hfb-above-header-display":"","ast-hfb-below-header-display":"","ast-hfb-mobile-header-display":"","site-post-title":"","ast-breadcrumbs-content":"","ast-featured-img":"","footer-sml-layout":"","ast-disable-related-posts":"","theme-transparent-header-meta":"","adv-header-id-meta":"","stick-header-meta":"","header-above-stick-meta":"","header-main-stick-meta":"","header-below-stick-meta":"","astra-migrate-meta-layouts":"set","ast-page-background-enabled":"default","ast-page-background-meta":{"desktop":{"background-color":"","background-image":"","background-repeat":"repeat","background-position":"center center","background-size":"auto","background-attachment":"scroll","background-type":"","background-media":"","overlay-type":"","overlay-color":"","overlay-opacity":"","overlay-gradient":""},"tablet":{"background-color":"","background-image":"","background-repeat":"repeat","background-position":"center center","background-size":"auto","background-attachment":"scroll","background-type":"","background-media":"","overlay-type":"","overlay-color":"","overlay-opacity":"","overlay-gradient":""},"mobile":{"background-color":"","background-image":"","background-repeat":"repeat","background-position":"center center","background-size":"auto","background-attachment":"scroll","background-type":"","background-media":"","overlay-type":"","overlay-color":"","overlay-opacity":"","overlay-gradient":""}},"ast-content-background-meta":{"desktop":{"background-color":"var(--ast-global-color-5)","background-image":"","background-repeat":"repeat","background-position":"center center","background-size":"auto","background-attachment":"scroll","background-type":"","background-media":"","overlay-type":"","overlay-color":"","overlay-opacity":"","overlay-gradient":""},"tablet":{"background-color":"var(--ast-global-color-5)","background-image":"","background-repeat":"repeat","background-position":"center center","background-size":"auto","background-attachment":"scroll","background-type":"","background-media":"","overlay-type":"","overlay-color":"","overlay-opacity":"","overlay-gradient":""},"mobile":{"background-color":"var(--ast-global-color-5)","background-image":"","background-repeat":"repeat","background-position":"center center","background-size":"auto","background-attachment":"scroll","background-type":"","background-media":"","overlay-type":"","overlay-color":"","overlay-opacity":"","overlay-gradient":""}},"footnotes":""},"categories":[88],"tags":[],"_links":{"self":[{"href":"https:\/\/www.ifh.cv\/index.php?rest_route=\/wp\/v2\/posts\/11578"}],"collection":[{"href":"https:\/\/www.ifh.cv\/index.php?rest_route=\/wp\/v2\/posts"}],"about":[{"href":"https:\/\/www.ifh.cv\/index.php?rest_route=\/wp\/v2\/types\/post"}],"author":[{"embeddable":true,"href":"https:\/\/www.ifh.cv\/index.php?rest_route=\/wp\/v2\/users\/2"}],"replies":[{"embeddable":true,"href":"https:\/\/www.ifh.cv\/index.php?rest_route=%2Fwp%2Fv2%2Fcomments&post=11578"}],"version-history":[{"count":4,"href":"https:\/\/www.ifh.cv\/index.php?rest_route=\/wp\/v2\/posts\/11578\/revisions"}],"predecessor-version":[{"id":11583,"href":"https:\/\/www.ifh.cv\/index.php?rest_route=\/wp\/v2\/posts\/11578\/revisions\/11583"}],"wp:featuredmedia":[{"embeddable":true,"href":"https:\/\/www.ifh.cv\/index.php?rest_route=\/wp\/v2\/media\/11579"}],"wp:attachment":[{"href":"https:\/\/www.ifh.cv\/index.php?rest_route=%2Fwp%2Fv2%2Fmedia&parent=11578"}],"wp:term":[{"taxonomy":"category","embeddable":true,"href":"https:\/\/www.ifh.cv\/index.php?rest_route=%2Fwp%2Fv2%2Fcategories&post=11578"},{"taxonomy":"post_tag","embeddable":true,"href":"https:\/\/www.ifh.cv\/index.php?rest_route=%2Fwp%2Fv2%2Ftags&post=11578"}],"curies":[{"name":"wp","href":"https:\/\/api.w.org\/{rel}","templated":true}]}}